{"id":807,"date":"2024-02-03T12:42:00","date_gmt":"2024-02-03T11:42:00","guid":{"rendered":"https:\/\/bunzlau.siegburg.de\/?p=807"},"modified":"2024-05-24T18:37:11","modified_gmt":"2024-05-24T16:37:11","slug":"martin-opitz-von-boberfeld-geboren-1597-in-bunzlau-gestorben-1639-in-danzig","status":"publish","type":"post","link":"https:\/\/bunzlau.siegburg.de\/index.php\/2024\/02\/03\/martin-opitz-von-boberfeld-geboren-1597-in-bunzlau-gestorben-1639-in-danzig\/","title":{"rendered":"Martin Opitz von Boberfeld"},"content":{"rendered":"\n<p class=\"has-text-align-center\"><strong>Geboren 1597 in Bunzlau &#8211; Gestorben 1639 in Danzig<\/strong><\/p>\n\n\n<div class=\"wp-block-image\">\n<figure class=\"aligncenter size-full is-resized\"><img loading=\"lazy\" decoding=\"async\" width=\"1370\" height=\"1952\" src=\"https:\/\/bunzlau.siegburg.de\/wp-content\/uploads\/2024\/03\/Opitz.Kupferstich-1631.jpg\" alt=\"\" class=\"wp-image-808\" style=\"width:482px;height:auto\" srcset=\"https:\/\/bunzlau.siegburg.de\/wp-content\/uploads\/2024\/03\/Opitz.Kupferstich-1631.jpg 1370w, https:\/\/bunzlau.siegburg.de\/wp-content\/uploads\/2024\/03\/Opitz.Kupferstich-1631-912x1300.jpg 912w, https:\/\/bunzlau.siegburg.de\/wp-content\/uploads\/2024\/03\/Opitz.Kupferstich-1631-768x1094.jpg 768w, https:\/\/bunzlau.siegburg.de\/wp-content\/uploads\/2024\/03\/Opitz.Kupferstich-1631-1078x1536.jpg 1078w\" sizes=\"auto, (max-width: 1370px) 100vw, 1370px\" \/><\/figure>\n<\/div>\n\n<div class=\"wp-block-image\">\n<figure class=\"aligncenter size-full is-resized\"><img loading=\"lazy\" decoding=\"async\" width=\"2560\" height=\"2227\" src=\"https:\/\/bunzlau.siegburg.de\/wp-content\/uploads\/2024\/03\/Bunzlau-1587-scaled.jpg\" alt=\"\" class=\"wp-image-809\" style=\"width:686px;height:auto\" srcset=\"https:\/\/bunzlau.siegburg.de\/wp-content\/uploads\/2024\/03\/Bunzlau-1587-scaled.jpg 2560w, https:\/\/bunzlau.siegburg.de\/wp-content\/uploads\/2024\/03\/Bunzlau-1587-1300x1131.jpg 1300w, https:\/\/bunzlau.siegburg.de\/wp-content\/uploads\/2024\/03\/Bunzlau-1587-768x668.jpg 768w, https:\/\/bunzlau.siegburg.de\/wp-content\/uploads\/2024\/03\/Bunzlau-1587-1536x1336.jpg 1536w, https:\/\/bunzlau.siegburg.de\/wp-content\/uploads\/2024\/03\/Bunzlau-1587-2048x1781.jpg 2048w\" sizes=\"auto, (max-width: 2560px) 100vw, 2560px\" \/><figcaption class=\"wp-element-caption\">Bunzlau 1587. 10 Jahre sp\u00e4ter wird hier Martin Opitz als Sohn eines Metzgers geboren.<\/figcaption><\/figure>\n<\/div>\n\n\n<p style=\"font-size:27px\">Seine kulturgeschichtliche Leistung f\u00fcr die deutsche Sprache und Literatur<\/p>\n\n\n\n<p style=\"font-size:24px\">besteht darin, dass er die gebildeten deutschen Autoren seiner Zeit ermutigte, wieder in ihrer Muttersprache zu schreiben und zu dichten,<\/p>\n\n\n\n<ul class=\"wp-block-list\">\n<li class=\"has-medium-font-size\"><em>indem er durch seine <\/em>\u00dcbersetzungen <em>fast aller literarischen Gattungen sowie durch eigene Texte nachwies,<\/em><\/li>\n<\/ul>\n\n\n\n<p class=\"has-medium-font-size\"><em>&nbsp;&nbsp;&nbsp;&nbsp;&nbsp;&nbsp;&nbsp; dass auch auf Deutsch gro\u00dfe europ\u00e4ische Literatur m\u00f6glich ist,<\/em><\/p>\n\n\n\n<ul class=\"wp-block-list\">\n<li class=\"has-medium-font-size\"><em>indem er an die <\/em>bedeutende kulturelle Tradition unseres Volkes erinnerte<em>, die in Vergessenheit geraten war,<\/em><\/li>\n<\/ul>\n\n\n\n<ul class=\"wp-block-list\">\n<li class=\"has-medium-font-size\"><em>indem er durch das <\/em>Zur\u00fcckdr\u00e4ngen von Dialektausdr\u00fccken und Fremdw\u00f6rtern ei<em>ner gemeinsamen <\/em>deutschen Hochsprache den Weg bereitete<em>,<\/em><\/li>\n<\/ul>\n\n\n\n<ul class=\"wp-block-list\">\n<li class=\"has-medium-font-size\"><em>indem er <\/em>Muster und Regeln f\u00fcr Gedichte <em>vorgab, die z.T. bis heute g\u00fcltig sind, zum Beispiel die Forderung nach nat\u00fcrlicher Betonung und nach dem regelm\u00e4\u00dfigen Wechsel von Hebung und Senkung.<\/em><\/li>\n<\/ul>\n\n\n\n<p><\/p>\n\n\n\n<p class=\"has-text-align-center\" style=\"font-size:24px\"><strong>So hat der Schlesier Martin Opitz &#8211; inmitten der Wirren des Drei\u00dfigj\u00e4hrigen Krieges&nbsp; &#8211;<\/strong><\/p>\n\n\n\n<p class=\"has-medium-font-size\">das von Gebildeten verachtete und vernachl\u00e4ssigte Deutsch in beharrlicher und m\u00fchevoller sprachlicher Arbeit dem Niveau der gro\u00dfen europ\u00e4ischen Kultursprachen angen\u00e4hert<\/p>\n\n\n\n<p class=\"has-medium-font-size\" style=\"text-decoration:underline\">und damit nicht nur wichtige Voraussetzungen f\u00fcr das Aufbl\u00fchen der Barockdichtung in deutscher Sprache geschaffen, sondern auch den Aufstieg unserer Sprache und Literatur zum Gipfel der Klassik mit vorbereitet.<\/p>\n\n\n\n<p class=\"has-text-align-center has-large-font-size\">Zwei Textproben<\/p>\n\n\n<div class=\"wp-block-image\">\n<figure class=\"alignleft size-full is-resized\"><img loading=\"lazy\" decoding=\"async\" width=\"430\" height=\"612\" src=\"https:\/\/bunzlau.siegburg.de\/wp-content\/uploads\/2024\/03\/Opitz.poet011.gif\" alt=\"\" class=\"wp-image-816\" style=\"width:351px;height:auto\"\/><\/figure>\n<\/div>\n\n\n<p class=\"has-medium-font-size\" style=\"text-decoration:underline\">Martin Opitz widmet sein ber\u00fchmtes B<strong>uch von der Deutschen Poeterey<\/strong><\/p>\n\n\n\n<p>\u201eDenen Ehrenvesten \/ Wolweisen \/ Wolbenambten vnd Wolgelehrten Herren B\u00fcrgermeistern vnd Rathsverwandten der <strong>Stadt Buntzlaw<\/strong>.\u201c<\/p>\n\n\n\n<p>In der Vorrede schreibt er:<\/p>\n\n\n\n<p>\u201eKan mir [\u2026] niemand zue rechte vbel deuten \/ das ich <strong>mein Buntzlaw<\/strong> \/ ohne ruhm zue sagen \/ die erzieherinn vieler stattlichen ber\u00fchmbten leute \/ welche ich bey anderer gelegenheit schon wil zue erzehlen wissen \/ als ein Kind seine Mutter ehre \/ vnd bestes verm\u00f6gens hand zue wercke lege \/ wie nicht alleine ich durch das Vaterland \/ sondern auch das Vaterland durch mich bekandter werde.\u201c<\/p>\n\n\n<div class=\"wp-block-image is-style-default\">\n<figure class=\"alignright size-full is-resized\"><img loading=\"lazy\" decoding=\"async\" width=\"1224\" height=\"1632\" src=\"https:\/\/bunzlau.siegburg.de\/wp-content\/uploads\/2024\/05\/Opitz-Bueste-1.jpg\" alt=\"\" class=\"wp-image-1392\" style=\"width:438px;height:auto\" srcset=\"https:\/\/bunzlau.siegburg.de\/wp-content\/uploads\/2024\/05\/Opitz-Bueste-1.jpg 1224w, https:\/\/bunzlau.siegburg.de\/wp-content\/uploads\/2024\/05\/Opitz-Bueste-1-975x1300.jpg 975w, https:\/\/bunzlau.siegburg.de\/wp-content\/uploads\/2024\/05\/Opitz-Bueste-1-768x1024.jpg 768w, https:\/\/bunzlau.siegburg.de\/wp-content\/uploads\/2024\/05\/Opitz-Bueste-1-1152x1536.jpg 1152w\" sizes=\"auto, (max-width: 1224px) 100vw, 1224px\" \/><figcaption class=\"wp-element-caption\"><sup>Seit 2012 steht in Bunzlau wieder ein Opitz-Denkmal. Die B\u00fcste mit polnischer und deutscher Erl\u00e4uterungsschrift am Hotel Ambasada wurde angeregt und finanziert durch den Bunzlauer K\u00fcnstler und Hotelier Bogdan Nowak.<\/sup><\/figcaption><\/figure>\n<\/div>\n\n\n<p><\/p>\n\n\n\n<h2 class=\"wp-block-heading\" style=\"font-size:33px\">Von der Welt Eitelkeit<\/h2>\n\n\n\n<p style=\"font-size:23px\"><em>Sch\u00f6nheit dieser Welt vergehet \/<br>Wie ein Wind, der niemals stehet,<br>Wie die Blume so kaum bl\u00fcht \/<br>Und auch schon zur Erden sieht,<br>Wie Welle, die erst kimmt \/<br>Und den Weg bald weiter nimmt.<br>Was f\u00fcr Urteil soll ich f\u00e4llen?\/<br>Welt ist Wind, ist Blum, ist Wellen.<\/em><\/p>\n\n\n\n<p><sup>Aus dem Franz\u00f6sischen. Breslau 1629. <\/sup><\/p>\n\n\n\n<p><sup>Quelle: Martinii Opitii: Von der Welt Eitelkeit.<\/sup><\/p>\n","protected":false},"excerpt":{"rendered":"<p>Geboren 1597 in Bunzlau &#8211; Gestorben 1639 in Danzig Seine kulturgeschichtliche Leistung f\u00fcr die deutsche Sprache und Literatur besteht darin, dass er die gebildeten deutschen Autoren seiner Zeit ermutigte, wieder in ihrer Muttersprache zu schreiben und zu dichten, &nbsp;&nbsp;&nbsp;&nbsp;&nbsp;&nbsp;&nbsp; dass auch auf Deutsch gro\u00dfe europ\u00e4ische Literatur m\u00f6glich ist, So hat [&hellip;]<\/p>\n","protected":false},"author":3,"featured_media":0,"comment_status":"closed","ping_status":"open","sticky":false,"template":"","format":"standard","meta":{"footnotes":""},"categories":[11],"tags":[],"class_list":["post-807","post","type-post","status-publish","format-standard","hentry","category-persoenlichkeiten"],"_links":{"self":[{"href":"https:\/\/bunzlau.siegburg.de\/index.php\/wp-json\/wp\/v2\/posts\/807","targetHints":{"allow":["GET"]}}],"collection":[{"href":"https:\/\/bunzlau.siegburg.de\/index.php\/wp-json\/wp\/v2\/posts"}],"about":[{"href":"https:\/\/bunzlau.siegburg.de\/index.php\/wp-json\/wp\/v2\/types\/post"}],"author":[{"embeddable":true,"href":"https:\/\/bunzlau.siegburg.de\/index.php\/wp-json\/wp\/v2\/users\/3"}],"replies":[{"embeddable":true,"href":"https:\/\/bunzlau.siegburg.de\/index.php\/wp-json\/wp\/v2\/comments?post=807"}],"version-history":[{"count":14,"href":"https:\/\/bunzlau.siegburg.de\/index.php\/wp-json\/wp\/v2\/posts\/807\/revisions"}],"predecessor-version":[{"id":1396,"href":"https:\/\/bunzlau.siegburg.de\/index.php\/wp-json\/wp\/v2\/posts\/807\/revisions\/1396"}],"wp:attachment":[{"href":"https:\/\/bunzlau.siegburg.de\/index.php\/wp-json\/wp\/v2\/media?parent=807"}],"wp:term":[{"taxonomy":"category","embeddable":true,"href":"https:\/\/bunzlau.siegburg.de\/index.php\/wp-json\/wp\/v2\/categories?post=807"},{"taxonomy":"post_tag","embeddable":true,"href":"https:\/\/bunzlau.siegburg.de\/index.php\/wp-json\/wp\/v2\/tags?post=807"}],"curies":[{"name":"wp","href":"https:\/\/api.w.org\/{rel}","templated":true}]}}