{"id":361,"date":"2023-11-08T18:18:53","date_gmt":"2023-11-08T17:18:53","guid":{"rendered":"https:\/\/bunzlau.siegburg.de\/?p=361"},"modified":"2023-11-10T20:07:07","modified_gmt":"2023-11-10T19:07:07","slug":"weihnachtsgruesse-2","status":"publish","type":"post","link":"https:\/\/bunzlau.siegburg.de\/index.php\/2023\/11\/08\/weihnachtsgruesse-2\/","title":{"rendered":"Weihnachtsgr\u00fc\u00dfe"},"content":{"rendered":"<p>Liebe Heimatfreunde aus Stadt und Kreis Bunzlau, liebe Landsleute!<br \/>\nDas Jahr 2023 ist fast vorbei und Weihnachten steht vor der T\u00fcr. Zur\u00fcckblickend merken wir,<br \/>\ndass uns das Verreisen immer unpassender erscheint. Es wird schwieriger, unsere Treffen zu<br \/>\norganisieren. Sogar das Bundestreffen der Schlesier, das wir in Hannover aufsuchten, war nicht<br \/>\nso gut besucht wie vor den Corona-Beschr\u00e4nkungen. Nichtsdestotrotz bem\u00fchen wir uns, in<br \/>\nVerbindung zu bleiben.<br \/>\nIn diesem Jahr j\u00e4hrte sich zum siebzigsten Mal die Patenschaftserkl\u00e4rung von Stadt und Kreis<br \/>\nSiegburg \u00fcber die vertriebenen Bunzlauer, was wir mit einer Festveranstaltung am 17 Juni,<br \/>\nzusammen mit Vertretern von Land, Stadt, Rhein-Sieg-Kreis, Vertriebenenverband, Kirchen<br \/>\nund Vereinen geb\u00fchrend gefeiert haben.<br \/>\nVon der Verwaltung der Stadt Bunzlau (Boles\u0142awiec) erhielten wir, die Bundesheimatgruppe,<br \/>\nneben dem Schlesischen Museum in G\u00f6rlitz, Museen in Jaromer und Hohenelbe (Vrchlabi) in<br \/>\nTschechien und dem Museum in Glatz (K\u0142odzko) eine Einladung zur Er\u00f6ffnung eines ZENT-<br \/>\nRUMS VERGANGENER T\u00d6PFER-TECHNIKEN im umgebauten Geb\u00e4ude, das bisher das Museum f\u00fcr<br \/>\nStadtgeschichte und zuvor das Kutusow-Museum (der russische Feldmarschall starb dort 1813)<br \/>\nbeherbergte. Dorthin war ein alter deutscher Keramikofen samt Schornstein versetzt worden,<br \/>\nund man hatte R\u00e4umlichkeiten f\u00fcr eine T\u00f6pferwerkst\u00e4tte eingerichtet, wo sich gemeldete Grup-<br \/>\npen unter fachlicher Anleitung kreativ bet\u00e4tigen k\u00f6nnen. Im Rahmen des Projekts Via Fabrilis<br \/>\nentstand eine ganze Kette solcher Museen in Niederschlesien und in B\u00f6hmen, die auf lebendige<br \/>\nWeise die Handwerkstechniken der Vergangenheit darstellen.<br \/>\nErfreut stelle ich ein wachsendes Interesse an der deutschen Vergangenheit der Region Bunzlau<br \/>\nfest. Es zeigt sich in grenz\u00fcberschreitender Zusammenarbeit der Museen und in der Ver\u00f6ffent-<br \/>\nlichung von Zeitungsartikeln und Bildern aus der Zeit vor 1945. Neuerdings haben Mitarbeiter<br \/>\ndes Bunzlauer Museums f\u00fcr Stadtgeschichte eine Reise nach den USA unternommen, um an<br \/>\nLuftaufnahmen der Alliierten heranzukommen, die vor Kriegsende vom unzerst\u00f6rten Bunzlau<br \/>\ngemacht wurden. Nachdem die Sowjets Bunzlau verlassen hatten und die Tr\u00fcmmer wegge-<br \/>\nr\u00e4umt waren, hat sich die Stadtbebauung ge\u00e4ndert, und vieles ist nicht mehr nachvollziehbar.<br \/>\nDoch das Interesse an der Stadtgeschichte ist ungebrochen. Regelm\u00e4\u00dfig werden Stadtf\u00fchrun-<br \/>\ngen abgehalten, wo man die deutsche, unsere Vergangenheit erl\u00e4utert.<br \/>\nWir wissen vom Schmerz des Verlustes der Heimat, den unsere Eltern und Gro\u00dfeltern erlitten<br \/>\nhaben. Auch wenn Schlesien nicht mehr unser Alltag ist, empfinden wir tief im Herzen unsere<br \/>\nHeimatverbundenheit zur Region Schlesien.<br \/>\nAllen Gleichgesinnten, die der Bunzlauer Region verbunden sind, w\u00fcnschen wir gesegnete und<br \/>\nfrohe Weihnachten und ein gutes Neues Jahr! Es gr\u00fc\u00dft Sie herzlich der Vorstand der Bundes-<br \/>\nheimatgruppe Bunzlau &#8211; Stadt und Kreis &#8211; zu Siegburg.<br \/>\nFerdinand Idasiak,<br \/>\nJochem Birk, G\u00fcnter Bleul, Peter B\u00f6rner, Dietmar Plate, Norbert Roth, Jochen Wiesner<\/p>\n","protected":false},"excerpt":{"rendered":"<p>Liebe Heimatfreunde aus Stadt und Kreis Bunzlau, liebe Landsleute! Das Jahr 2023 ist fast vorbei und Weihnachten steht vor der T\u00fcr. Zur\u00fcckblickend merken wir, dass uns das Verreisen immer unpassender erscheint. Es wird schwieriger, unsere Treffen zu organisieren. Sogar das Bundestreffen der Schlesier, das wir in Hannover aufsuchten, war nicht [&hellip;]<\/p>\n","protected":false},"author":3,"featured_media":0,"comment_status":"closed","ping_status":"open","sticky":false,"template":"","format":"standard","meta":{"footnotes":""},"categories":[1],"tags":[],"class_list":["post-361","post","type-post","status-publish","format-standard","hentry","category-aktuelles"],"_links":{"self":[{"href":"https:\/\/bunzlau.siegburg.de\/index.php\/wp-json\/wp\/v2\/posts\/361","targetHints":{"allow":["GET"]}}],"collection":[{"href":"https:\/\/bunzlau.siegburg.de\/index.php\/wp-json\/wp\/v2\/posts"}],"about":[{"href":"https:\/\/bunzlau.siegburg.de\/index.php\/wp-json\/wp\/v2\/types\/post"}],"author":[{"embeddable":true,"href":"https:\/\/bunzlau.siegburg.de\/index.php\/wp-json\/wp\/v2\/users\/3"}],"replies":[{"embeddable":true,"href":"https:\/\/bunzlau.siegburg.de\/index.php\/wp-json\/wp\/v2\/comments?post=361"}],"version-history":[{"count":4,"href":"https:\/\/bunzlau.siegburg.de\/index.php\/wp-json\/wp\/v2\/posts\/361\/revisions"}],"predecessor-version":[{"id":378,"href":"https:\/\/bunzlau.siegburg.de\/index.php\/wp-json\/wp\/v2\/posts\/361\/revisions\/378"}],"wp:attachment":[{"href":"https:\/\/bunzlau.siegburg.de\/index.php\/wp-json\/wp\/v2\/media?parent=361"}],"wp:term":[{"taxonomy":"category","embeddable":true,"href":"https:\/\/bunzlau.siegburg.de\/index.php\/wp-json\/wp\/v2\/categories?post=361"},{"taxonomy":"post_tag","embeddable":true,"href":"https:\/\/bunzlau.siegburg.de\/index.php\/wp-json\/wp\/v2\/tags?post=361"}],"curies":[{"name":"wp","href":"https:\/\/api.w.org\/{rel}","templated":true}]}}