{"id":2420,"date":"2026-04-26T10:39:20","date_gmt":"2026-04-26T08:39:20","guid":{"rendered":"https:\/\/bunzlau.siegburg.de\/?p=2420"},"modified":"2026-04-26T10:39:21","modified_gmt":"2026-04-26T08:39:21","slug":"aus-dem-journal-des-vorstands-maerz-2026","status":"publish","type":"post","link":"https:\/\/bunzlau.siegburg.de\/index.php\/2026\/04\/26\/aus-dem-journal-des-vorstands-maerz-2026\/","title":{"rendered":"Aus dem Journal des Vorstands M\u00e4rz 2026"},"content":{"rendered":"\n<p>Anstelle des &#8222;Journals&#8220; bringen wir in diesem Monat in unsererem &#8222;Internet-Schaufenster&#8220; einen Aufsatz \u00fcber den Heimatforscher Kurt Basler. Es lohnt sich, diesen Text trotz seiner L\u00e4nge zu lesen. Er zeigt beispielhaft, mit welcher Intensit\u00e4t und mit welchem Erfolg Bunzlauer, die es nach Kriegsende in die sowjetische Besatzungszone und sp\u00e4tere DDR verschlagen hatte, die Chance der Wiedervereinigung nutzten, ihre F\u00e4higkeiten und ihre Lebenserfahrung in die kollektive Erinnerung unseres Landes einzubringen. Ihre Arbeiten, die z.T. als Beitr\u00e4ge in die Heimatzeitung eingingen, die aber auch nicht selten in eigenst\u00e4ndige Publikationen gefasst wurden, schlossen eine L\u00fccke, die Bunzlauer im Westteil Deutschlands mit ihren Mitteln gar nicht ausf\u00fcllen konnten. Insofern sind sie \u00e4u\u00dferst wertvoll. Namentlich seien hier Karl-Heinz Bellinger (Brandenburg) und Professor Hans-Dieter Haim (Dresden) genannt. Doch das gr\u00f6\u00dfte Verdienst hat zweifellos Kurt Basler. Er war unerm\u00fcdlich und ein Meister der Recherche. Doch lesen Sie selbst unter &#8222;Pers\u00f6nlichkeiten&#8220;.<\/p>\n\n\n\n<p><\/p>\n","protected":false},"excerpt":{"rendered":"<p>Anstelle des &#8222;Journals&#8220; bringen wir in diesem Monat in unsererem &#8222;Internet-Schaufenster&#8220; einen Aufsatz \u00fcber den Heimatforscher Kurt Basler. Es lohnt sich, diesen Text trotz seiner L\u00e4nge zu lesen. Er zeigt beispielhaft, mit welcher Intensit\u00e4t und mit welchem Erfolg Bunzlauer, die es nach Kriegsende in die sowjetische Besatzungszone und sp\u00e4tere DDR [&hellip;]<\/p>\n","protected":false},"author":3,"featured_media":0,"comment_status":"closed","ping_status":"open","sticky":false,"template":"","format":"standard","meta":{"footnotes":""},"categories":[7],"tags":[],"class_list":["post-2420","post","type-post","status-publish","format-standard","hentry","category-journal-des-vorstands"],"_links":{"self":[{"href":"https:\/\/bunzlau.siegburg.de\/index.php\/wp-json\/wp\/v2\/posts\/2420","targetHints":{"allow":["GET"]}}],"collection":[{"href":"https:\/\/bunzlau.siegburg.de\/index.php\/wp-json\/wp\/v2\/posts"}],"about":[{"href":"https:\/\/bunzlau.siegburg.de\/index.php\/wp-json\/wp\/v2\/types\/post"}],"author":[{"embeddable":true,"href":"https:\/\/bunzlau.siegburg.de\/index.php\/wp-json\/wp\/v2\/users\/3"}],"replies":[{"embeddable":true,"href":"https:\/\/bunzlau.siegburg.de\/index.php\/wp-json\/wp\/v2\/comments?post=2420"}],"version-history":[{"count":3,"href":"https:\/\/bunzlau.siegburg.de\/index.php\/wp-json\/wp\/v2\/posts\/2420\/revisions"}],"predecessor-version":[{"id":2432,"href":"https:\/\/bunzlau.siegburg.de\/index.php\/wp-json\/wp\/v2\/posts\/2420\/revisions\/2432"}],"wp:attachment":[{"href":"https:\/\/bunzlau.siegburg.de\/index.php\/wp-json\/wp\/v2\/media?parent=2420"}],"wp:term":[{"taxonomy":"category","embeddable":true,"href":"https:\/\/bunzlau.siegburg.de\/index.php\/wp-json\/wp\/v2\/categories?post=2420"},{"taxonomy":"post_tag","embeddable":true,"href":"https:\/\/bunzlau.siegburg.de\/index.php\/wp-json\/wp\/v2\/tags?post=2420"}],"curies":[{"name":"wp","href":"https:\/\/api.w.org\/{rel}","templated":true}]}}