{"id":2411,"date":"2026-04-25T17:32:43","date_gmt":"2026-04-25T15:32:43","guid":{"rendered":"https:\/\/bunzlau.siegburg.de\/?p=2411"},"modified":"2026-04-25T17:43:51","modified_gmt":"2026-04-25T15:43:51","slug":"aus-dem-journal-des-vorstands-februar-ausgabe-2026","status":"publish","type":"post","link":"https:\/\/bunzlau.siegburg.de\/index.php\/2026\/04\/25\/aus-dem-journal-des-vorstands-februar-ausgabe-2026\/","title":{"rendered":"Aus dem Journal des Vorstands Februar-Ausgabe 2026"},"content":{"rendered":"\n<p><\/p>\n\n\n\n<p>Eine redaktionelle Anmerkung vorweg: K\u00fcnftig werden die Mitteilungen \u201eAus dem Journal des Vorstands\u201c k\u00fcrzer gefasst, da in der Druckausgabe wegen der notwendigen Zusammenlegung von Heimatzeitungen zur Schlesischen Heimatzeitung aufgrund kleiner gewordener Lesergemeinden auch f\u00fcr Bunzlau Stadt und Kreis  weniger Raum zur Verf\u00fcgung steht. Hinzukommt die Tatsache, dass sich bei uns in Siegburg einfach nicht mehr so viel Berichtenswertes wie fr\u00fcher ereignet. Die Verk\u00fcrzung hat aber auch einen Vorteil: Andere Beitr\u00e4ge zu&nbsp; Bunzlau, die genauso lesenswert sind wie das \u201eJournal\u201c, k\u00f6nnen in der Heimatzeitung schneller und umfangreicher ver\u00f6ffentlicht werden!<\/p>\n\n\n\n<p>Anfang Januar trafen wir uns in geselliger Runde unter Leitung von Jochen Wiesner in einem Dorfgasthaus zum traditionellen Neujahrsessen des BdV. Wenige Tage darauf, am 13. Januar, konnte er seinen 70. Geburtstag feiern. <\/p>\n\n\n<div class=\"wp-block-image\">\n<figure class=\"alignleft size-full is-resized\"><img loading=\"lazy\" decoding=\"async\" width=\"1216\" height=\"1736\" src=\"https:\/\/bunzlau.siegburg.de\/wp-content\/uploads\/2026\/04\/IMG_9769.1.jpg\" alt=\"\" class=\"wp-image-2412\" style=\"aspect-ratio:0.7004593972518783;width:299px;height:auto\" srcset=\"https:\/\/bunzlau.siegburg.de\/wp-content\/uploads\/2026\/04\/IMG_9769.1.jpg 1216w, https:\/\/bunzlau.siegburg.de\/wp-content\/uploads\/2026\/04\/IMG_9769.1-911x1300.jpg 911w, https:\/\/bunzlau.siegburg.de\/wp-content\/uploads\/2026\/04\/IMG_9769.1-768x1096.jpg 768w, https:\/\/bunzlau.siegburg.de\/wp-content\/uploads\/2026\/04\/IMG_9769.1-1076x1536.jpg 1076w\" sizes=\"auto, (max-width: 1216px) 100vw, 1216px\" \/><figcaption class=\"wp-element-caption\"><sup>Hier freut sich Joachim Wiesner \u00fcber einen gelungenen Beitrag der Bundesheimatgruppe beim Internationalen Museumstag 2018<\/sup><\/figcaption><\/figure>\n<\/div>\n\n\n<p>Peter B\u00f6rner \u00fcberreichte ihm eine Flasche k\u00f6stlichen Siegburger Abteilik\u00f6rs und ein Dankschreiben. Darin beispielhaft erw\u00e4hnt: sein langj\u00e4hriger Einsatz als Schriftf\u00fchrer der Heimatgruppe, die Mitgestaltung an mehreren unserer Ausstellungen samt den zugeh\u00f6rigen Begleitb\u00fcchern, wertvolle Hilfe beim Projekt \u201eBunzlauer Stadtblatt\u201c, Mitwirkung bei vielen Fahrten, handwerklicher Einsatz bei der Ausgestaltung der R\u00e4umlichkeiten, konzeptionelle Beitr\u00e4ge zum Thema \u201eFortleben der Heimatgruppe\u201c und &#8211; im Rahmen des BdV Rhein-Sieg \u2013 die Organisation des j\u00e4hrlichen \u201eTags der Heimat\u201c.<\/p>\n\n\n\n<p>Zwei erfreuliche Nachrichten aus Stadt und Kreis Bunzlau erreichten uns Anfang des Jahres:<\/p>\n\n\n\n<p>Wiederum war es uns gelungen, via Internet durch \u00dcbersendung von Stadtpl\u00e4nen alt und neu, Tipps, Kontakt-Daten usw. sowie Vermittlung polnischer Hilfestellung vor Ort zum Erfolg eines Heimat-Besuchs beizutragen. Diesmal ging es um das Haus Heimgarten Nr. 17 in Bunzlau. Dort wohnte einst Georg Artur Leinichen, geb. 20.04.1926. Nach dem Besuch der Martin-Opitz-Schule von 1932 &#8211; 1940 absolvierte er von 1940 &#8211; 1943 eine Berufsausbildung als Maschinenschlosser in der Firma Automatic Druckmaschinenfabrik Dr. W. Hinninger &amp; S\u00f6hne. Seine Tochter Petra Austel, Jahrgang 1960, wohnhaft in Hartenstein im Erzgebirge, hatte unsere Anschrift im Internet gefunden. <\/p>\n\n\n\n<p>Erfreulich auch die Ergebnisse der Kontaktaufnahme von Heimatfreund Otmar Hersel mit polnischen Ansprechpartnern in Ullersdorf und Naumburg. <\/p>\n\n\n<div class=\"wp-block-image\">\n<figure class=\"aligncenter size-full is-resized\"><img loading=\"lazy\" decoding=\"async\" width=\"1920\" height=\"1673\" src=\"https:\/\/bunzlau.siegburg.de\/wp-content\/uploads\/2026\/04\/Gebr.Hersel-in-Heimatstube-5.2017.1.jpg\" alt=\"\" class=\"wp-image-2414\" style=\"aspect-ratio:1.1476508199335769;width:527px;height:auto\" srcset=\"https:\/\/bunzlau.siegburg.de\/wp-content\/uploads\/2026\/04\/Gebr.Hersel-in-Heimatstube-5.2017.1.jpg 1920w, https:\/\/bunzlau.siegburg.de\/wp-content\/uploads\/2026\/04\/Gebr.Hersel-in-Heimatstube-5.2017.1-1300x1133.jpg 1300w, https:\/\/bunzlau.siegburg.de\/wp-content\/uploads\/2026\/04\/Gebr.Hersel-in-Heimatstube-5.2017.1-768x669.jpg 768w, https:\/\/bunzlau.siegburg.de\/wp-content\/uploads\/2026\/04\/Gebr.Hersel-in-Heimatstube-5.2017.1-1536x1338.jpg 1536w\" sizes=\"auto, (max-width: 1920px) 100vw, 1920px\" \/><figcaption class=\"wp-element-caption\"><sup>Die Br\u00fcder Hersel (Mitte Otmar Hersel) beim Besuch der Bunzlauer Heimatstube<\/sup><\/figcaption><\/figure>\n<\/div>\n\n\n<p>J\u00fcngst schickte ihm Heimatforscher Krzystof Stefan ein 30min\u00fctiges Video, das auf der Grundlage \u00fcbersandten deutschen Quellenmaterials und eigener Nachforschungen die Firmengeschichte seiner Familie und manches mehr dokumentiert. Es lohnt sich, den Film anzuschauen: <a href=\"https:\/\/youtu.be\/2JXA-psY5y8?si=_kwLpMvfRNPqbDYa\">https:\/\/youtu.be\/2JXA-psY5y8?si=_kwLpMvfRNPqbDYa<\/a> . <\/p>\n\n\n\n<figure class=\"wp-block-gallery has-nested-images columns-default is-cropped wp-block-gallery-1 is-layout-flex wp-block-gallery-is-layout-flex\">\n<figure class=\"wp-block-image size-large\"><img loading=\"lazy\" decoding=\"async\" width=\"2142\" height=\"1234\" data-id=\"2417\" src=\"https:\/\/bunzlau.siegburg.de\/wp-content\/uploads\/2026\/04\/Vortrag-Kzystof-Stefan-ue.-Hersel-Fabrik-16.1.26.jpg\" alt=\"\" class=\"wp-image-2417\" srcset=\"https:\/\/bunzlau.siegburg.de\/wp-content\/uploads\/2026\/04\/Vortrag-Kzystof-Stefan-ue.-Hersel-Fabrik-16.1.26.jpg 2142w, https:\/\/bunzlau.siegburg.de\/wp-content\/uploads\/2026\/04\/Vortrag-Kzystof-Stefan-ue.-Hersel-Fabrik-16.1.26-1300x749.jpg 1300w, https:\/\/bunzlau.siegburg.de\/wp-content\/uploads\/2026\/04\/Vortrag-Kzystof-Stefan-ue.-Hersel-Fabrik-16.1.26-768x442.jpg 768w, https:\/\/bunzlau.siegburg.de\/wp-content\/uploads\/2026\/04\/Vortrag-Kzystof-Stefan-ue.-Hersel-Fabrik-16.1.26-1536x885.jpg 1536w, https:\/\/bunzlau.siegburg.de\/wp-content\/uploads\/2026\/04\/Vortrag-Kzystof-Stefan-ue.-Hersel-Fabrik-16.1.26-2048x1180.jpg 2048w\" sizes=\"auto, (max-width: 2142px) 100vw, 2142px\" \/><\/figure>\n<\/figure>\n\n\n\n<p>Herr Stefan hat seine Erkenntnisse am 16. Januar der \u00d6ffentlichkeit vorgelegt, im Rahmen einer Vortragsreihe der Naumburger Stadtbibliothek zur Stadtgeschichte. &#8211; Ich blicke erwartungsvoll auf den 27. Februar. Dann werde ich in der Volkshochschule in Siegburg \u00fcber mein Erleben des Kriegsendes befragt. &nbsp;Ihr \/ euer Peter B\u00f6rner.<\/p>\n","protected":false},"excerpt":{"rendered":"<p>Eine redaktionelle Anmerkung vorweg: K\u00fcnftig werden die Mitteilungen \u201eAus dem Journal des Vorstands\u201c k\u00fcrzer gefasst, da in der Druckausgabe wegen der notwendigen Zusammenlegung von Heimatzeitungen zur Schlesischen Heimatzeitung aufgrund kleiner gewordener Lesergemeinden auch f\u00fcr Bunzlau Stadt und Kreis weniger Raum zur Verf\u00fcgung steht. Hinzukommt die Tatsache, dass sich bei uns [&hellip;]<\/p>\n","protected":false},"author":3,"featured_media":0,"comment_status":"closed","ping_status":"open","sticky":false,"template":"","format":"standard","meta":{"footnotes":""},"categories":[7],"tags":[],"class_list":["post-2411","post","type-post","status-publish","format-standard","hentry","category-journal-des-vorstands"],"_links":{"self":[{"href":"https:\/\/bunzlau.siegburg.de\/index.php\/wp-json\/wp\/v2\/posts\/2411","targetHints":{"allow":["GET"]}}],"collection":[{"href":"https:\/\/bunzlau.siegburg.de\/index.php\/wp-json\/wp\/v2\/posts"}],"about":[{"href":"https:\/\/bunzlau.siegburg.de\/index.php\/wp-json\/wp\/v2\/types\/post"}],"author":[{"embeddable":true,"href":"https:\/\/bunzlau.siegburg.de\/index.php\/wp-json\/wp\/v2\/users\/3"}],"replies":[{"embeddable":true,"href":"https:\/\/bunzlau.siegburg.de\/index.php\/wp-json\/wp\/v2\/comments?post=2411"}],"version-history":[{"count":3,"href":"https:\/\/bunzlau.siegburg.de\/index.php\/wp-json\/wp\/v2\/posts\/2411\/revisions"}],"predecessor-version":[{"id":2419,"href":"https:\/\/bunzlau.siegburg.de\/index.php\/wp-json\/wp\/v2\/posts\/2411\/revisions\/2419"}],"wp:attachment":[{"href":"https:\/\/bunzlau.siegburg.de\/index.php\/wp-json\/wp\/v2\/media?parent=2411"}],"wp:term":[{"taxonomy":"category","embeddable":true,"href":"https:\/\/bunzlau.siegburg.de\/index.php\/wp-json\/wp\/v2\/categories?post=2411"},{"taxonomy":"post_tag","embeddable":true,"href":"https:\/\/bunzlau.siegburg.de\/index.php\/wp-json\/wp\/v2\/tags?post=2411"}],"curies":[{"name":"wp","href":"https:\/\/api.w.org\/{rel}","templated":true}]}}