{"id":2276,"date":"2025-05-06T18:36:26","date_gmt":"2025-05-06T16:36:26","guid":{"rendered":"https:\/\/bunzlau.siegburg.de\/?p=2276"},"modified":"2025-05-06T18:36:26","modified_gmt":"2025-05-06T16:36:26","slug":"aus-dem-journal-des-vorstands-maerz-2025","status":"publish","type":"post","link":"https:\/\/bunzlau.siegburg.de\/index.php\/2025\/05\/06\/aus-dem-journal-des-vorstands-maerz-2025\/","title":{"rendered":"Aus dem Journal des Vorstands M\u00e4rz 2025"},"content":{"rendered":"\n<p>Aus dem Journal des Vorstands M\u00e4rz-Ausgabe 2025<\/p>\n\n\n\n<p>Erfreulicherweise gelang es uns tats\u00e4chlich, die \u00f6ffentliche Aufmerksamkeit in unserem Einflussbereich auf das schmerzhafte Ende des deutschen Bunzlaus vor 80 Jahren zu lenken. Das Internet-Magazin der Stadt Siegburg berichtete auf der Grundlage einer Pressemitteilung der Bundesheimatgruppe am 11. Februar ausf\u00fchrlich dar\u00fcber mit einer bebilderten Meldung, und die Schlesischen Nachrichten \u00fcbernahmen unseren Bericht f\u00fcr die M\u00e4rzausgabe. Schriftleiter Damian Spielvogel schrieb uns dazu: &nbsp;\u201eVielen herzlichen Dank f\u00fcr Ihre Text- und Bildeinsendung. Eine sehr gute Initiative, die Sie in Siegburg umgesetzt haben.\u201c &nbsp;<\/p>\n\n\n<div class=\"wp-block-image\">\n<figure class=\"alignright size-full is-resized\"><img loading=\"lazy\" decoding=\"async\" width=\"1525\" height=\"2304\" src=\"https:\/\/bunzlau.siegburg.de\/wp-content\/uploads\/2025\/05\/IMG_20250210_165528.1.jpg\" alt=\"\" class=\"wp-image-2277\" style=\"width:457px;height:auto\" srcset=\"https:\/\/bunzlau.siegburg.de\/wp-content\/uploads\/2025\/05\/IMG_20250210_165528.1.jpg 1525w, https:\/\/bunzlau.siegburg.de\/wp-content\/uploads\/2025\/05\/IMG_20250210_165528.1-860x1300.jpg 860w, https:\/\/bunzlau.siegburg.de\/wp-content\/uploads\/2025\/05\/IMG_20250210_165528.1-768x1160.jpg 768w, https:\/\/bunzlau.siegburg.de\/wp-content\/uploads\/2025\/05\/IMG_20250210_165528.1-1017x1536.jpg 1017w, https:\/\/bunzlau.siegburg.de\/wp-content\/uploads\/2025\/05\/IMG_20250210_165528.1-1356x2048.jpg 1356w\" sizes=\"auto, (max-width: 1525px) 100vw, 1525px\" \/><\/figure>\n<\/div>\n\n\n<p>&nbsp;Hier vor Ort konnten wir in einer besonderen Aktion noch speziell die Bewohner der \u201eBunzlauer Stra\u00dfe\u201c erreichen. Peter B\u00f6rner pflanzte dort vor dem unbeachteten und weitgehend unverstandenen Bunzlau-Gedenkstein einige Blumen und legte eine wetterfesten Erl\u00e4uterungstext aus, und das fand unverhoffte Resonanz bei Passanten und Anwohnern. Eine Person erkl\u00e4rte sich spontan bereit, die Blumenpflege zu \u00fcbernehmen, eine andere wollte wissen, wann die n\u00e4chste Bunzlaufahrt stattfindet.<\/p>\n\n\n\n<p>Leider sind viele Betroffene der damaligen Ereignisse nicht mehr am Leben. Das gilt auch f\u00fcr fast alle Jungen aus der Gruppe \u201eSander\u201c im Spittel, die auf einem Foto in der letzten Heimatzeitung zu sehen waren. <\/p>\n\n\n\n<p>Auch das andere Gruppenbild in der Februar-Ausgabe der Heimatzeitung verdient besondere Aufmerksamkeit. <\/p>\n\n\n\n<figure class=\"wp-block-image size-full\"><img loading=\"lazy\" decoding=\"async\" width=\"1907\" height=\"800\" src=\"https:\/\/bunzlau.siegburg.de\/wp-content\/uploads\/2025\/05\/Video-Konferenz-7.1.25.jpg\" alt=\"\" class=\"wp-image-2279\" srcset=\"https:\/\/bunzlau.siegburg.de\/wp-content\/uploads\/2025\/05\/Video-Konferenz-7.1.25.jpg 1907w, https:\/\/bunzlau.siegburg.de\/wp-content\/uploads\/2025\/05\/Video-Konferenz-7.1.25-1300x545.jpg 1300w, https:\/\/bunzlau.siegburg.de\/wp-content\/uploads\/2025\/05\/Video-Konferenz-7.1.25-768x322.jpg 768w, https:\/\/bunzlau.siegburg.de\/wp-content\/uploads\/2025\/05\/Video-Konferenz-7.1.25-1536x644.jpg 1536w\" sizes=\"auto, (max-width: 1907px) 100vw, 1907px\" \/><\/figure>\n\n\n\n<p>Auf dem Bildschirmgruppenfoto von der letzten Video-Konferenz ist oben rechts ein immer noch sehr aktiver Heimatfreund aus der Ullersdorfer Fabrikanten- und Heimatforscher-Familie Hersel erfasst: Otmar Hersel. Er begeht am 15. M\u00e4rz seinen 80. Geburtstag. Einen ganz herzlichen Gl\u00fcckwunsch \u00fcbermittelt auf diesem Wege der Mitstreiter und Chronist unserer Heimatgruppe Peter B\u00f6rner.<\/p>\n","protected":false},"excerpt":{"rendered":"<p>Aus dem Journal des Vorstands M\u00e4rz-Ausgabe 2025 Erfreulicherweise gelang es uns tats\u00e4chlich, die \u00f6ffentliche Aufmerksamkeit in unserem Einflussbereich auf das schmerzhafte Ende des deutschen Bunzlaus vor 80 Jahren zu lenken. Das Internet-Magazin der Stadt Siegburg berichtete auf der Grundlage einer Pressemitteilung der Bundesheimatgruppe am 11. Februar ausf\u00fchrlich dar\u00fcber mit einer [&hellip;]<\/p>\n","protected":false},"author":3,"featured_media":0,"comment_status":"closed","ping_status":"open","sticky":false,"template":"","format":"standard","meta":{"footnotes":""},"categories":[7],"tags":[],"class_list":["post-2276","post","type-post","status-publish","format-standard","hentry","category-journal-des-vorstands"],"_links":{"self":[{"href":"https:\/\/bunzlau.siegburg.de\/index.php\/wp-json\/wp\/v2\/posts\/2276","targetHints":{"allow":["GET"]}}],"collection":[{"href":"https:\/\/bunzlau.siegburg.de\/index.php\/wp-json\/wp\/v2\/posts"}],"about":[{"href":"https:\/\/bunzlau.siegburg.de\/index.php\/wp-json\/wp\/v2\/types\/post"}],"author":[{"embeddable":true,"href":"https:\/\/bunzlau.siegburg.de\/index.php\/wp-json\/wp\/v2\/users\/3"}],"replies":[{"embeddable":true,"href":"https:\/\/bunzlau.siegburg.de\/index.php\/wp-json\/wp\/v2\/comments?post=2276"}],"version-history":[{"count":2,"href":"https:\/\/bunzlau.siegburg.de\/index.php\/wp-json\/wp\/v2\/posts\/2276\/revisions"}],"predecessor-version":[{"id":2281,"href":"https:\/\/bunzlau.siegburg.de\/index.php\/wp-json\/wp\/v2\/posts\/2276\/revisions\/2281"}],"wp:attachment":[{"href":"https:\/\/bunzlau.siegburg.de\/index.php\/wp-json\/wp\/v2\/media?parent=2276"}],"wp:term":[{"taxonomy":"category","embeddable":true,"href":"https:\/\/bunzlau.siegburg.de\/index.php\/wp-json\/wp\/v2\/categories?post=2276"},{"taxonomy":"post_tag","embeddable":true,"href":"https:\/\/bunzlau.siegburg.de\/index.php\/wp-json\/wp\/v2\/tags?post=2276"}],"curies":[{"name":"wp","href":"https:\/\/api.w.org\/{rel}","templated":true}]}}