{"id":2172,"date":"2024-11-27T14:33:02","date_gmt":"2024-11-27T13:33:02","guid":{"rendered":"https:\/\/bunzlau.siegburg.de\/?p=2172"},"modified":"2024-11-27T20:49:15","modified_gmt":"2024-11-27T19:49:15","slug":"aus-dem-journal-des-vorstands-november-2024","status":"publish","type":"post","link":"https:\/\/bunzlau.siegburg.de\/index.php\/2024\/11\/27\/aus-dem-journal-des-vorstands-november-2024\/","title":{"rendered":"Aus dem Journal des Vorstands November 2024"},"content":{"rendered":"\n<p><\/p>\n\n\n\n<p>Der eher d\u00fcstere Monat November liegt zwischen dem \u201eGoldenen\u201c Oktober\u201c und dem vom Lichtglanz erf\u00fcllten Dezember. Doch auch f\u00fcr dieses November-Journal gibt es lesenswerte, positive Nachrichten. W\u00e4hrend die Oktober-Ausgabe vor allem Ereignisse aus der Gegenwart im Blick hatte, steht im November die Vergangenheit im Mittelpunkt.<\/p>\n\n\n\n<p>Beginnen wir mit dem Hochwasser. Die \u00dcberschwemmung hat sich zum Gl\u00fcck in Bunzlau als nicht so schlimm herausgestellt wie bef\u00fcrchtet, doch in Kittlitzleben gab es betr\u00e4chtlichen Sch\u00e4den. Insofern war unser Spendengeld gut angelegt. Wer jetzt noch etwas Gutes tun m\u00f6chte, wende sich an Ferdinand Idasiak unter <a href=\"mailto:diebunzlauer@t-online.de\">diebunzlauer@t-online.de<\/a>. Er hat Kontaktadressen zu \u00f6rtlichen Hilfseinrichtungen.<\/p>\n\n\n<div class=\"wp-block-image\">\n<figure class=\"aligncenter size-full is-resized\"><img loading=\"lazy\" decoding=\"async\" width=\"2160\" height=\"1080\" src=\"https:\/\/bunzlau.siegburg.de\/wp-content\/uploads\/2024\/11\/Boberflut-2023.jpg\" alt=\"\" class=\"wp-image-2208\" style=\"width:582px;height:auto\" srcset=\"https:\/\/bunzlau.siegburg.de\/wp-content\/uploads\/2024\/11\/Boberflut-2023.jpg 2160w, https:\/\/bunzlau.siegburg.de\/wp-content\/uploads\/2024\/11\/Boberflut-2023-1300x650.jpg 1300w, https:\/\/bunzlau.siegburg.de\/wp-content\/uploads\/2024\/11\/Boberflut-2023-768x384.jpg 768w, https:\/\/bunzlau.siegburg.de\/wp-content\/uploads\/2024\/11\/Boberflut-2023-1536x768.jpg 1536w, https:\/\/bunzlau.siegburg.de\/wp-content\/uploads\/2024\/11\/Boberflut-2023-2048x1024.jpg 2048w\" sizes=\"auto, (max-width: 2160px) 100vw, 2160px\" \/><figcaption class=\"wp-element-caption\"><sup>Dieses Bild vom Bober-Hochwasser wurde uns aus Bunzlau \u00fcbermittelt.<\/sup><\/figcaption><\/figure>\n<\/div>\n\n\n<p>Vor allem hat Ferdinand neuerdings eine n\u00fctzliche Aktion angeregt, die sich auf Ereignisse bezieht, die tief in der Geschichte liegen, aber im Brauchtum von Naumburg a. Q. fest verankert sind: Es geht um Pest-Epidemien, die das St\u00e4dtchen heimgesucht hatten, das daraus entstandene und bis in die Gegenwart begangene Gel\u00f6bnisfest und vor allem um eine Gedenktafel, die Heimatfreunde 2011 am Ort der zerst\u00f6rten Naumburger Gel\u00f6bniskirche errichtet hatten. <\/p>\n\n\n<div class=\"wp-block-image\">\n<figure class=\"alignleft size-full is-resized\"><img loading=\"lazy\" decoding=\"async\" width=\"1296\" height=\"1944\" src=\"https:\/\/bunzlau.siegburg.de\/wp-content\/uploads\/2024\/11\/IMG-20240923-WA0001.1.jpg\" alt=\"\" class=\"wp-image-2204\" style=\"width:393px;height:auto\" srcset=\"https:\/\/bunzlau.siegburg.de\/wp-content\/uploads\/2024\/11\/IMG-20240923-WA0001.1.jpg 1296w, https:\/\/bunzlau.siegburg.de\/wp-content\/uploads\/2024\/11\/IMG-20240923-WA0001.1-867x1300.jpg 867w, https:\/\/bunzlau.siegburg.de\/wp-content\/uploads\/2024\/11\/IMG-20240923-WA0001.1-768x1152.jpg 768w, https:\/\/bunzlau.siegburg.de\/wp-content\/uploads\/2024\/11\/IMG-20240923-WA0001.1-1024x1536.jpg 1024w\" sizes=\"auto, (max-width: 1296px) 100vw, 1296px\" \/><\/figure>\n<\/div>\n\n\n<p>Diese Tafel bedurfte, wie das Foto zeigt, dringend der Reinigung und Renovierung. Ferdinand hat das inzwischen erfolgreich organisiert. Gesamtkosten um die 300 \u20ac. Da die Bundesheimatgruppe als Verein nicht mehr besteht, bitte Spenden f\u00fcr diese wertvolle Aktion, bis wir ein neues Bankkonto haben, auf Ferdinand Idasiaks Konto, das er auf Anfrage gern mitteilt. Stichwort \u201eRenovierung Gel\u00f6bnistafel Naumburg\u201c.<\/p>\n\n\n\n<p>Eine andere heimatbezogene Ged\u00e4chtnisst\u00e4tte ist der Siegburger Gedenkstein f\u00fcr Pfarrer Paul Sauer. Das Grab befindet sich seit der Auflassung des katholischen Friedhofs von Bunzlau im Jahr 1985 auf dem Kommunalfriedhof am Wehrberg, ganz in der N\u00e4he der Friedhofskapelle und \u00a0&#8211; dank polnischer Verehrer des M\u00e4rtyrerpriesters &#8211; in einer neuen w\u00fcrdigen Gestaltung. Ferdinand Idasiak k\u00fcmmert sich wie \u00fcblich um Grabschmuck zum Fest Allerheiligen.<\/p>\n\n\n<div class=\"wp-block-image\">\n<figure class=\"alignright size-full is-resized\"><img loading=\"lazy\" decoding=\"async\" width=\"832\" height=\"1109\" src=\"https:\/\/bunzlau.siegburg.de\/wp-content\/uploads\/2024\/11\/ks.-Sauer-2.jpg\" alt=\"\" class=\"wp-image-2205\" style=\"width:419px;height:auto\" srcset=\"https:\/\/bunzlau.siegburg.de\/wp-content\/uploads\/2024\/11\/ks.-Sauer-2.jpg 832w, https:\/\/bunzlau.siegburg.de\/wp-content\/uploads\/2024\/11\/ks.-Sauer-2-768x1024.jpg 768w\" sizes=\"auto, (max-width: 832px) 100vw, 832px\" \/><\/figure>\n<\/div>\n\n\n<p>Wie es der Zufall so will, erhielten wir ausgerechnet jetzt eine Anfrage bez\u00fcglich des fr\u00fcheren katholischen Friedhofs. Frau Claudia Reichel in Radebeul, Nachfahrin aus der Bunzlauer Fleischerfamilie Jung im Haus Oberstra\u00dfe 3 m\u00f6chte den Ort besuchen, wo ihr&nbsp; Ur-Urgro\u00dfvater Josef Jung beigesetzt worden war. Wir konnten ihr mit einem alten deutschen Stadtplan und einem modernen polnischen helfen. Im Gegenzug schickte sie uns interessante Text- und Bilddokumente aus der Bunzlauer Zeit ihrer Vorfahren, sehr zur Freude unseres Archivars Dietmar Plate.<\/p>\n\n\n\n<p>Auch bei einer anderen Anfrage konnten wir weiterhelfen und erhielten unsererseits n\u00fctzliche Informationen. Da ging es um das einstige Bunzlauer Lokal \u201eKaiserhof\u201c. Frau Ingrid Pult-Wende, deren&nbsp; Vorfahren die Besitzer waren, freute sich, dass sie \u00fcber Facebook endlich an Bunzlauer geriet, mit denen sie sich \u00fcber ihre Familie austauschen konnte. Die Wendes waren 1956 aus Kleinmachnow bei Berlin als \u201eRepublikfl\u00fcchtige\u201c nach Freiburg gelangt.<\/p>\n\n\n\n<p>Vor kurzem hatten wir im Rahmen einer Buchbesprechung \u00fcber das Lebenswerk der naumburgisch-fr\u00e4nkischen T\u00f6pferfamilie Seiler-Moll berichtet. Jetzt erreicht uns von T\u00f6pfermeister Moll eine traurige Nachricht, die so recht in den traurigen Monat November passt. Er schreibt uns: \u201e<em>Volker List, Inhaber der Bunzlauer T\u00f6pferei <\/em>[Greulich-List] <em>in Fredelsloh, denkt daran, seinen Betrieb zu schlie\u00dfen. Aus gesundheitlichen Gr\u00fcnden. Aber er sucht Nachfolger f\u00fcr seine Werkstatt. Wenn seine Werkstatt kein Geschirr mehr im Bunzlauer Stil fertigt,&nbsp; ist Bolko Peltner der letzte aus der alten BRD, der direkt mit Schlesien zu tun hat.\u201c<\/em><\/p>\n\n\n\n<p>Dagegen haben sich die von allen Lesern mit Recht hochgesch\u00e4tzten Heimatfreunde Birk und Basler bestens gehalten. Jochem Birk vollendet am 16. November sein 95. Lebensjahr; Kurt Basler konnte am 3. November seinen 94. Geburtstag feiern. Als Geburtstagsst\u00e4ndchen haben wir eine Kopie des handschriftlichen Textes von \u201eViel Gl\u00fcck und viel Segen\u201c beigef\u00fcgt. <\/p>\n\n\n\n<figure class=\"wp-block-image size-full\"><img loading=\"lazy\" decoding=\"async\" width=\"2472\" height=\"1832\" src=\"https:\/\/bunzlau.siegburg.de\/wp-content\/uploads\/2024\/11\/Original-Hs.Viel-Glueck-und-viel-Segen.jpg\" alt=\"\" class=\"wp-image-2209\" srcset=\"https:\/\/bunzlau.siegburg.de\/wp-content\/uploads\/2024\/11\/Original-Hs.Viel-Glueck-und-viel-Segen.jpg 2472w, https:\/\/bunzlau.siegburg.de\/wp-content\/uploads\/2024\/11\/Original-Hs.Viel-Glueck-und-viel-Segen-1300x963.jpg 1300w, https:\/\/bunzlau.siegburg.de\/wp-content\/uploads\/2024\/11\/Original-Hs.Viel-Glueck-und-viel-Segen-768x569.jpg 768w, https:\/\/bunzlau.siegburg.de\/wp-content\/uploads\/2024\/11\/Original-Hs.Viel-Glueck-und-viel-Segen-1536x1138.jpg 1536w, https:\/\/bunzlau.siegburg.de\/wp-content\/uploads\/2024\/11\/Original-Hs.Viel-Glueck-und-viel-Segen-2048x1518.jpg 2048w\" sizes=\"auto, (max-width: 2472px) 100vw, 2472px\" \/><\/figure>\n\n\n\n<p>Diesen Kanon hatte Werner Gneist um 1930 in Bunzlau verfasst. \u2013 Und nicht zu vergessen: Am 6. Dezember laden wir wie im vorigen Jahr mit dem BdV Sankt Augustin zu einer heimatlichen Adventsfeier um 15 Uhr in den Pfarrsaal der Kirche Mari\u00e4 Heimsuchung Gottfried-Salz Stra\u00dfe 14 ein. &#8211; Zu weit weg? Dann treffen wir uns eben am 19 11. um 19 Uhr bei der von Gert Hartmann <a href=\"mailto:gerthartmann@t-online.de\">gerthartmann@t-online.de<\/a> vermittelten Video-Konferenz der Bundesheimatgruppe. Nur bei ihm anfragen! \u00dcber neue Teilnehmer freut sich Ihr \/ euer Peter B\u00f6rner.<\/p>\n","protected":false},"excerpt":{"rendered":"<p>Der eher d\u00fcstere Monat November liegt zwischen dem \u201eGoldenen\u201c Oktober\u201c und dem vom Lichtglanz erf\u00fcllten Dezember. Doch auch f\u00fcr dieses November-Journal gibt es lesenswerte, positive Nachrichten. W\u00e4hrend die Oktober-Ausgabe vor allem Ereignisse aus der Gegenwart im Blick hatte, steht im November die Vergangenheit im Mittelpunkt. Beginnen wir mit dem Hochwasser. [&hellip;]<\/p>\n","protected":false},"author":3,"featured_media":0,"comment_status":"closed","ping_status":"open","sticky":false,"template":"","format":"standard","meta":{"footnotes":""},"categories":[1],"tags":[],"class_list":["post-2172","post","type-post","status-publish","format-standard","hentry","category-aktuelles"],"_links":{"self":[{"href":"https:\/\/bunzlau.siegburg.de\/index.php\/wp-json\/wp\/v2\/posts\/2172","targetHints":{"allow":["GET"]}}],"collection":[{"href":"https:\/\/bunzlau.siegburg.de\/index.php\/wp-json\/wp\/v2\/posts"}],"about":[{"href":"https:\/\/bunzlau.siegburg.de\/index.php\/wp-json\/wp\/v2\/types\/post"}],"author":[{"embeddable":true,"href":"https:\/\/bunzlau.siegburg.de\/index.php\/wp-json\/wp\/v2\/users\/3"}],"replies":[{"embeddable":true,"href":"https:\/\/bunzlau.siegburg.de\/index.php\/wp-json\/wp\/v2\/comments?post=2172"}],"version-history":[{"count":2,"href":"https:\/\/bunzlau.siegburg.de\/index.php\/wp-json\/wp\/v2\/posts\/2172\/revisions"}],"predecessor-version":[{"id":2210,"href":"https:\/\/bunzlau.siegburg.de\/index.php\/wp-json\/wp\/v2\/posts\/2172\/revisions\/2210"}],"wp:attachment":[{"href":"https:\/\/bunzlau.siegburg.de\/index.php\/wp-json\/wp\/v2\/media?parent=2172"}],"wp:term":[{"taxonomy":"category","embeddable":true,"href":"https:\/\/bunzlau.siegburg.de\/index.php\/wp-json\/wp\/v2\/categories?post=2172"},{"taxonomy":"post_tag","embeddable":true,"href":"https:\/\/bunzlau.siegburg.de\/index.php\/wp-json\/wp\/v2\/tags?post=2172"}],"curies":[{"name":"wp","href":"https:\/\/api.w.org\/{rel}","templated":true}]}}