{"id":1419,"date":"2024-06-24T17:26:39","date_gmt":"2024-06-24T15:26:39","guid":{"rendered":"https:\/\/bunzlau.siegburg.de\/?p=1419"},"modified":"2024-06-24T17:26:40","modified_gmt":"2024-06-24T15:26:40","slug":"aus-dem-journal-des-vorstands-juni-2024","status":"publish","type":"post","link":"https:\/\/bunzlau.siegburg.de\/index.php\/2024\/06\/24\/aus-dem-journal-des-vorstands-juni-2024\/","title":{"rendered":"Aus dem Journal des Vorstands Juni 2024"},"content":{"rendered":"\n<p>Aus dem Journal des Vorstands Juni 2024<\/p>\n\n\n\n<p>In der Januar-Ausgabe des Journals hatten wir geschrieben: \u201eEin eindrucksvolles Beispiel f\u00fcr das Auf und Ab und wieder Auf (im Menschenleben) ist die Geschichte der T\u00f6pferfamilie Seiler, sp\u00e4ter Seiler \u2013 Moll, aus Naumburg am Queis, die es ins Frankenland verschlagen hatte. Kurz vor Weihnachten schickte uns Friedrich (Friedel) Moll dar\u00fcber ein wunderbares Buch.\u201c Wir hatten diesem Vorbericht ein Foto des T\u00f6pferbuchs und ein sch\u00f6nes Familienbild beigef\u00fcgt. Jetzt k\u00f6nnen wir in einem eigenen Beitrag Genaueres berichten. Hier nur so viel: Friedel Molls Buch bietet einen mutmachenden R\u00fcckblick auf eine Keramiker-Geschichte, die im 19. Jahrhundert \u00a0begann und erst in unserer Zeit zu einem Abschluss kam und dann wieder zu einem \u00fcberraschenden, nicht unzeitgem\u00e4\u00dfen Neubeginn f\u00fchrte. <\/p>\n\n\n<div class=\"wp-block-image\">\n<figure class=\"alignleft size-full is-resized\"><img loading=\"lazy\" decoding=\"async\" width=\"574\" height=\"682\" src=\"https:\/\/bunzlau.siegburg.de\/wp-content\/uploads\/2024\/06\/Ehepaar-Moll-und-Nachfolger.jpg\" alt=\"\" class=\"wp-image-1420\" style=\"width:259px;height:auto\"\/><\/figure>\n<\/div>\n\n\n<p>Als Friedel Moll, Jg. 1943, und Ehefrau Birgit, Jg. 1944, \u00a0sich endlich in den wohlverdienten Ruhestand begeben wollten, fanden sie lange Zeit keine Nachfolger. Doch dann meldete sich 2018 ein sympathisches und vor allem qualifiziertes junges\u00a0 &#8211; t\u00fcrkisches Ehepaar! Wir w\u00fcnschen den beiden Berufsstartern Freude und Erfolg. <\/p>\n\n\n\n<p>Ihre Internetseite ist <a href=\"https:\/\/filceramics.com\">https:\/\/filceramics.com<\/a>\u00a0 Dort schreiben sie w\u00f6rtlich: \u201cWir sind stolz darauf, das Erbe der T\u00f6pferei Seiler fortzuf\u00fchren.\u201d Friedrich und Birgit Moll aber w\u00fcnschen wir einen guten, neuen erholsamen Lebensabschnitt.<\/p>\n\n\n\n<p>Auch die Bundesheimatgruppe ist bekanntlich in einem zeitbedingten Umbau. Der Termin f\u00fcr die Mitgliederversammlung, die \u00fcber unsere Zukunft grundlegende Beschl\u00fcsse fassen wird, liegt jetzt fest: Wir beraten und beschlie\u00dfen \u00fcber die k\u00fcnftige Struktur unserer Vereinigung am Samstag, dem 31. August, in Haus Schlesien. Der Vorstand hat momentan zwei Perspektiven im Blick: 1) eine Arbeitsgruppe innerhalb von Haus Schlesien, die sich bei der Integration und Pr\u00e4sentation unserer Sammlung einbringt und parallel\u00a0 dazu 2) die Fortf\u00fchrung unserer Internetpr\u00e4senz im Rahmen der Patenstadt Siegburg. Von Heimatfreund Otfried Hersel haben wir daf\u00fcr vor kurzem wertvolle Beitr\u00e4ge zu Naumburg (Aufzeichnungen von Pfarrer Brands) und zu Ullersdorf erhalten. Gern nehmen wir auch Material zu anderen Ortschaften und zu anderen Bunzlau-Themen entgegen. \u00a0<\/p>\n\n\n\n<p>Die Einladungen zur Mitgliederversammlung mit n\u00e4heren Angaben werden rechtzeitig herausgehen. Aber bitte diesen Termin schon jetzt fest vormerken!<\/p>\n\n\n\n<p>Wie in jedem Jahr werden wir am 24.Juni mit der Siegburger Pfarrgemeinde St. Servatius in der Messe an den Todestag von Pfarrer Sauer erinnern und am Gedenkstein neben der Kirche Blumen niederlegen. Auf dem am Gedenkstein angebrachten laminierten Informationsblatt, das bisher jede Witterung heil \u00fcberstanden hat, k\u00f6nnen Passanten lesen: \u201eFast t\u00e4glich ist in unseren Medien vom Versagen katholischer Geistlicher die Rede. G\u00e4nzlich unerw\u00e4hnt bleibt, dass es zu allen Zeiten vorbildliche, ja bewundernswerte Priester gab und gibt, in denen der Geist des Christentums und die Sendung der Kirche hell aufleuchten. Einer von ihnen war der Bunzlauer Pfarrer Paul Sauer. [\u2026] ER HAT RESPEKT, JA VEREHRUNG VERDIENT.\u201c F\u00fcr Blumenschmuck an der letzten Ruhest\u00e4tte Pfarrer Sauers auf dem Kommunalfriedhof in Bunzlau sorgt unser Vorsitzender Ferdinand Idasiak.<\/p>\n\n\n\n<p>Ob wir wohl in diesem Jahr noch nach Bunzlau fahren? Auch dar\u00fcber m\u00f6chten wir die Mitgliederversammlung befragen. In der Vereinskasse ist Geld f\u00fcr eine Bezuschussung, wei\u00df Ihr \/euer Peter B\u00f6rner.<\/p>\n","protected":false},"excerpt":{"rendered":"<p>Aus dem Journal des Vorstands Juni 2024 In der Januar-Ausgabe des Journals hatten wir geschrieben: \u201eEin eindrucksvolles Beispiel f\u00fcr das Auf und Ab und wieder Auf (im Menschenleben) ist die Geschichte der T\u00f6pferfamilie Seiler, sp\u00e4ter Seiler \u2013 Moll, aus Naumburg am Queis, die es ins Frankenland verschlagen hatte. Kurz vor [&hellip;]<\/p>\n","protected":false},"author":3,"featured_media":0,"comment_status":"closed","ping_status":"open","sticky":false,"template":"","format":"standard","meta":{"footnotes":""},"categories":[1],"tags":[],"class_list":["post-1419","post","type-post","status-publish","format-standard","hentry","category-aktuelles"],"_links":{"self":[{"href":"https:\/\/bunzlau.siegburg.de\/index.php\/wp-json\/wp\/v2\/posts\/1419","targetHints":{"allow":["GET"]}}],"collection":[{"href":"https:\/\/bunzlau.siegburg.de\/index.php\/wp-json\/wp\/v2\/posts"}],"about":[{"href":"https:\/\/bunzlau.siegburg.de\/index.php\/wp-json\/wp\/v2\/types\/post"}],"author":[{"embeddable":true,"href":"https:\/\/bunzlau.siegburg.de\/index.php\/wp-json\/wp\/v2\/users\/3"}],"replies":[{"embeddable":true,"href":"https:\/\/bunzlau.siegburg.de\/index.php\/wp-json\/wp\/v2\/comments?post=1419"}],"version-history":[{"count":1,"href":"https:\/\/bunzlau.siegburg.de\/index.php\/wp-json\/wp\/v2\/posts\/1419\/revisions"}],"predecessor-version":[{"id":1421,"href":"https:\/\/bunzlau.siegburg.de\/index.php\/wp-json\/wp\/v2\/posts\/1419\/revisions\/1421"}],"wp:attachment":[{"href":"https:\/\/bunzlau.siegburg.de\/index.php\/wp-json\/wp\/v2\/media?parent=1419"}],"wp:term":[{"taxonomy":"category","embeddable":true,"href":"https:\/\/bunzlau.siegburg.de\/index.php\/wp-json\/wp\/v2\/categories?post=1419"},{"taxonomy":"post_tag","embeddable":true,"href":"https:\/\/bunzlau.siegburg.de\/index.php\/wp-json\/wp\/v2\/tags?post=1419"}],"curies":[{"name":"wp","href":"https:\/\/api.w.org\/{rel}","templated":true}]}}